{"id":456,"date":"2019-06-11T12:41:35","date_gmt":"2019-06-11T10:41:35","guid":{"rendered":"http:\/\/dobrylotr.pl\/?p=456"},"modified":"2019-06-14T15:53:38","modified_gmt":"2019-06-14T13:53:38","slug":"pielgrzymka-sne-dobrego-lotra-do-lagiewnik","status":"publish","type":"post","link":"https:\/\/dobrylotr.pl\/index.php\/2019\/06\/11\/pielgrzymka-sne-dobrego-lotra-do-lagiewnik\/","title":{"rendered":"Pielgrzymka SNE Dobrego \u0141otra do \u0141agiewnik"},"content":{"rendered":"<p style=\"text-align: center;\"><img loading=\"lazy\" decoding=\"async\" src=\"https:\/\/dobrylotr.pl\/wp-content\/uploads\/2019\/06\/50dm1983693064-300x199.jpg\" alt=\"\" width=\"300\" height=\"199\" class=\"size-medium wp-image-457 alignleft\" srcset=\"https:\/\/dobrylotr.pl\/wp-content\/uploads\/2019\/06\/50dm1983693064-300x199.jpg 300w, https:\/\/dobrylotr.pl\/wp-content\/uploads\/2019\/06\/50dm1983693064-360x240.jpg 360w, https:\/\/dobrylotr.pl\/wp-content\/uploads\/2019\/06\/50dm1983693064.jpg 677w\" sizes=\"auto, (max-width: 300px) 100vw, 300px\" \/>Zapraszamy na pielgrzymk\u0119 naszej wsp\u00f3lnoty do \u0141agiewnik oraz<br \/>\nCentrum Jana Paw\u0142a II.<\/p>\n<p><strong>Termin:<\/strong><br \/>\n29 czerwca(sobota &#8211; jeden dzie\u0144)<\/p>\n<p><strong>Program:<\/strong><br \/>\n6:45 &#8211; zbi\u00f3rka, parking przy &#8222;Kazimierz\u00f3wce&#8221;<br \/>\n&#8211; Msza \u015awi\u0119ta, adoracja oraz uwielbienie w Kaplicy cudownego obrazu Jezusa Mi\u0142osiernego i grobu \u015bw. Faustyny<br \/>\n&#8211; obiad<br \/>\n&#8211; wizyta w Centrum Jana Paw\u0142a II<br \/>\n&#8211; integracja (kolacja)<\/p>\n<p><strong>Koszt:<\/strong><br \/>\n&#8211; 100 z\u0142 za os.<br \/>\n&#8211; dzieci do lat 15 jad\u0105 za darmo<\/p>\n<p>&nbsp;<\/p>\n<p><strong>Rezerwacja miejsca dopiero po dokonaniu wp\u0142aty ca\u0142o\u015bci na konto:<\/strong><\/p>\n<p>Bank BG\u017b<\/p>\n<p>54 2030 0045 1110 0000 0278 1190<\/p>\n<p>Fundacja Dobrego \u0141otra<\/p>\n<p>ul. G\u0142\u00f3wna 16<\/p>\n<p>26-600 Radom<\/p>\n<p>W tytule prosz\u0119 poda\u0107: Pielgrzymka do \u0141agiewnik oraz imi\u0119 i nazwisko osoby zapisywanej.<\/p>\n<p>&nbsp;<\/p>\n<p><strong>Zapisy do 25 czerwca 2019r.<\/strong><\/p>\n<h4 style=\"text-align: center;\"><strong><a href=\"https:\/\/docs.google.com\/forms\/d\/e\/1FAIpQLSdpO4Amx0Xz2y_0xrGPi5NAEQ9hpj4ez4JLS2RMQFRyw8yv8Q\/viewform?usp=sf_link\" target=\"_blank\" rel=\"noopener noreferrer\">Formularz zapis\u00f3w<\/a><\/strong><\/h4>\n<p>&nbsp;<\/p>\n","protected":false},"excerpt":{"rendered":"<p>Zapraszamy na pielgrzymk\u0119 naszej wsp\u00f3lnoty do \u0141agiewnik oraz Centrum Jana Paw\u0142a II. Termin: 29 czerwca(sobota &#8211; jeden dzie\u0144) Program: 6:45 &#8211; zbi\u00f3rka, parking przy &#8222;Kazimierz\u00f3wce&#8221; &#8211; Msza \u015awi\u0119ta, adoracja oraz uwielbienie w Kaplicy cudownego obrazu Jezusa Mi\u0142osiernego i grobu \u015bw. Faustyny &#8211; obiad &#8211; wizyta w Centrum Jana Paw\u0142a II [&hellip;]<\/p>\n","protected":false},"author":1,"featured_media":457,"comment_status":"closed","ping_status":"open","sticky":false,"template":"","format":"standard","meta":{"footnotes":""},"categories":[9],"tags":[96,95,94,43],"class_list":["post-456","post","type-post","status-publish","format-standard","has-post-thumbnail","hentry","category-wydarzenia","tag-centrum-jana-pawla-ii","tag-lagiewniki","tag-pielgrzymka","tag-wspolnota"],"_links":{"self":[{"href":"https:\/\/dobrylotr.pl\/index.php\/wp-json\/wp\/v2\/posts\/456","targetHints":{"allow":["GET"]}}],"collection":[{"href":"https:\/\/dobrylotr.pl\/index.php\/wp-json\/wp\/v2\/posts"}],"about":[{"href":"https:\/\/dobrylotr.pl\/index.php\/wp-json\/wp\/v2\/types\/post"}],"author":[{"embeddable":true,"href":"https:\/\/dobrylotr.pl\/index.php\/wp-json\/wp\/v2\/users\/1"}],"replies":[{"embeddable":true,"href":"https:\/\/dobrylotr.pl\/index.php\/wp-json\/wp\/v2\/comments?post=456"}],"version-history":[{"count":3,"href":"https:\/\/dobrylotr.pl\/index.php\/wp-json\/wp\/v2\/posts\/456\/revisions"}],"predecessor-version":[{"id":468,"href":"https:\/\/dobrylotr.pl\/index.php\/wp-json\/wp\/v2\/posts\/456\/revisions\/468"}],"wp:featuredmedia":[{"embeddable":true,"href":"https:\/\/dobrylotr.pl\/index.php\/wp-json\/wp\/v2\/media\/457"}],"wp:attachment":[{"href":"https:\/\/dobrylotr.pl\/index.php\/wp-json\/wp\/v2\/media?parent=456"}],"wp:term":[{"taxonomy":"category","embeddable":true,"href":"https:\/\/dobrylotr.pl\/index.php\/wp-json\/wp\/v2\/categories?post=456"},{"taxonomy":"post_tag","embeddable":true,"href":"https:\/\/dobrylotr.pl\/index.php\/wp-json\/wp\/v2\/tags?post=456"}],"curies":[{"name":"wp","href":"https:\/\/api.w.org\/{rel}","templated":true}]}}